{"id":456,"date":"2020-12-11T07:26:20","date_gmt":"2020-12-11T07:26:20","guid":{"rendered":"https:\/\/cieplan.org\/new\/?p=456"},"modified":"2020-12-11T07:27:11","modified_gmt":"2020-12-11T07:27:11","slug":"manuel-marfan-en-radio-duna-la-sociedad-exige-cambios-que-pueden-ser-malos-pero-tambien-pueden-ser-buenos-hay-que-poner-esfuerzo-en-aprovechar-las-oportunidades","status":"publish","type":"post","link":"https:\/\/cieplan.org\/new\/2020\/12\/11\/manuel-marfan-en-radio-duna-la-sociedad-exige-cambios-que-pueden-ser-malos-pero-tambien-pueden-ser-buenos-hay-que-poner-esfuerzo-en-aprovechar-las-oportunidades\/","title":{"rendered":"Manuel Marf\u00e1n en radio Duna: \u201cLa sociedad exige cambios, que pueden ser malos, pero tambi\u00e9n pueden ser buenos. Hay que poner esfuerzo en aprovechar las oportunidades\u201d"},"content":{"rendered":"\n<p><em>El director del Programa de Investigaci\u00f3n e Innovaci\u00f3n Social Cieplan-UTalca y ex &nbsp;ministro, subsecretario y coordinador de pol\u00edticas macroecon\u00f3micas del Ministerio de Hacienda, se refiri\u00f3 a la discusi\u00f3n pol\u00edtica que atraviesa el pa\u00eds, c\u00f3mo ve el futuro de la econom\u00eda y qu\u00e9 camino est\u00e1 siguiendo nuestro pa\u00eds.<\/em><\/p>\n\n\n\n<hr class=\"wp-block-separator\"\/>\n\n\n\n<p>En una entrevista realizada por Gonzalo Restini para el programa Informaci\u00f3n Privilegiada de Radio Duna, Manuel Marf\u00e1n, se refiri\u00f3 al proceso pol\u00edtico y social que actualmente est\u00e1 viviendo Chile. En este contexto se\u00f1al\u00f3 \u201cque existen caminos que Chile puede recorrer y que son posibles y que son buenos, que es un campo minado, porque est\u00e1 lleno de riesgos pero que vale la pena intentarlo, tenemos la posibilidad de tener una muy mala constituci\u00f3n, pero al mismo tiempo una buena. Tenemos la oportunidad de ponernos al d\u00eda en un pa\u00eds que dejo de hacer los cambios que necesitaba\u201d, se\u00f1al\u00f3 auspicioso.<\/p>\n\n\n\n<p>En cuanto al periodo de transici\u00f3n y lo realizado durante ese momento para levantar Chile, se\u00f1ala que \u201csiempre las cosas se pudieron haber hecho mejor, eso es cierto, pero al mismo tiempo si uno lo mira es retrospectiva, los cambios que hubo desde el a\u00f1o noventa entre el 2000 y el 2010, es el cambio mas trascendental y profundo en lo pol\u00edtico, social y econ\u00f3mico en Chile.\u201d agregando que \u201cparte importante de la prueba del \u00e9xito, es que parte de los temas que hoy se demandan no son los mismo que el a\u00f1o noventa. En esa \u00e9poca m\u00e1s del 40% de la poblaci\u00f3n estaba bajo la l\u00ednea de la pobreza, las demandas de hoy son de clase media\u201d.<\/p>\n\n\n\n<p>En cuanto al optimismo del debate constituyente y la creaci\u00f3n de este nuevo reglamento que podr\u00eda ser un aporte al cambio social que se espera, se\u00f1al\u00f3 que \u201chay malas experiencias en la historia recientes, pero tambi\u00e9n hay buenas. Mi optimismo, no nace de la ingenuidad, sino de una invitaci\u00f3n a usar la inteligencia para ver las oportunidades y no solo lo malo. Requerimos ir con perspicacia para aprovechar el la oportunidad que se est\u00e1 abriendo\u201d<\/p>\n\n\n\n<p>Escucha la entrevista completa a continuaci\u00f3n:<\/p>\n\n\n\n<figure class=\"wp-block-audio\"><audio controls src=\"https:\/\/unlimited1-cl.dps.live\/vod\/cl2\/duna\/615315\/czo45NcgJZj.mp3?nimblesessionid=77712\"><\/audio><\/figure>\n","protected":false},"excerpt":{"rendered":"<p>El director del Programa de Investigaci\u00f3n e Innovaci\u00f3n Social Cieplan-UTalca y ex &nbsp;ministro, subsecretario y coordinador de pol\u00edticas macroecon\u00f3micas del Ministerio de Hacienda, se refiri\u00f3 a la discusi\u00f3n pol\u00edtica que atraviesa el pa\u00eds, c\u00f3mo ve el futuro de la econom\u00eda y qu\u00e9 camino est\u00e1 siguiendo nuestro pa\u00eds. En una entrevista realizada por Gonzalo Restini para [&hellip;]<\/p>\n","protected":false},"author":1,"featured_media":161,"comment_status":"closed","ping_status":"closed","sticky":false,"template":"","format":"standard","meta":{"tdm_status":"","tdm_grid_status":""},"categories":[35,33],"tags":[],"_links":{"self":[{"href":"https:\/\/cieplan.org\/new\/wp-json\/wp\/v2\/posts\/456"}],"collection":[{"href":"https:\/\/cieplan.org\/new\/wp-json\/wp\/v2\/posts"}],"about":[{"href":"https:\/\/cieplan.org\/new\/wp-json\/wp\/v2\/types\/post"}],"author":[{"embeddable":true,"href":"https:\/\/cieplan.org\/new\/wp-json\/wp\/v2\/users\/1"}],"replies":[{"embeddable":true,"href":"https:\/\/cieplan.org\/new\/wp-json\/wp\/v2\/comments?post=456"}],"version-history":[{"count":1,"href":"https:\/\/cieplan.org\/new\/wp-json\/wp\/v2\/posts\/456\/revisions"}],"predecessor-version":[{"id":457,"href":"https:\/\/cieplan.org\/new\/wp-json\/wp\/v2\/posts\/456\/revisions\/457"}],"wp:featuredmedia":[{"embeddable":true,"href":"https:\/\/cieplan.org\/new\/wp-json\/wp\/v2\/media\/161"}],"wp:attachment":[{"href":"https:\/\/cieplan.org\/new\/wp-json\/wp\/v2\/media?parent=456"}],"wp:term":[{"taxonomy":"category","embeddable":true,"href":"https:\/\/cieplan.org\/new\/wp-json\/wp\/v2\/categories?post=456"},{"taxonomy":"post_tag","embeddable":true,"href":"https:\/\/cieplan.org\/new\/wp-json\/wp\/v2\/tags?post=456"}],"curies":[{"name":"wp","href":"https:\/\/api.w.org\/{rel}","templated":true}]}}