{"id":444,"date":"2020-12-11T07:13:18","date_gmt":"2020-12-11T07:13:18","guid":{"rendered":"https:\/\/cieplan.org\/new\/?p=444"},"modified":"2020-12-11T07:36:37","modified_gmt":"2020-12-11T07:36:37","slug":"lanzamiento-libro-la-gran-region-minera-chile-y-peru","status":"publish","type":"post","link":"https:\/\/cieplan.org\/new\/2020\/12\/11\/lanzamiento-libro-la-gran-region-minera-chile-y-peru\/","title":{"rendered":"Lanzamiento libro: \u201cLa gran regi\u00f3n minera: Chile y Per\u00fa\u201d"},"content":{"rendered":"\n<p>La Universidad de Talca, por medio de su Editorial y junto a la Corporaci\u00f3n de Estudios para Latinoam\u00e9rica, invitan a la comunidad al lanzamiento del libro re\u00fane diversos art\u00edculos e investigaciones sobre los diferentes desaf\u00edos que enfrentan la miner\u00eda en las potencias exportadoras m\u00e1s importantes de la regi\u00f3n: Chile y Per\u00fa.<\/p>\n\n\n\n<p>\u201cLa gran regi\u00f3n minera: Chile y Per\u00fa\u201d, es parte de la Colecci\u00f3n Acad\u00e9mica de la Editorial de la Universidad de Talca y realizar\u00e1 su lanzamiento el d\u00eda martes 15 de diciembre a las 18:00 horas en un formato completamente virtual.<\/p>\n\n\n\n<p>La actividad contar\u00e1 con un grupo selecto de panelistas entre los que se encuentran el rector U. Talca, \u00c1lvaro Rojas; los editores de la publicaci\u00f3n, Patricio Meller, investigador Cieplan y Carlos Ch\u00e1vez, Ph.D. en Econom\u00eda de Recursos Naturales y profesor titular de la Facultad de Econom\u00eda y Negocios U. Talca.<\/p>\n\n\n\n<p>Adem\u00e1s estar\u00e1n presentes desde Chile Iv\u00e1n Arriagada, presidente ejecutivo de Antofagasta Minerals; Diego Hern\u00e1ndez, presidente de la Sociedad Nacional de Miner\u00eda y Mar\u00eda Elena Arntz, directora ejecutiva de Casa de La Paz. En cuando a los panelistas de Per\u00fa, contaremos con la presencia de Pablo de la Flor, director ejecutivo de la Sociedad Nacional de Miner\u00eda, Petr\u00f3leo y Energ\u00eda; y Luis Rivera, vicepresidente ejecutivo de Gold Fields Am\u00e9ricas y ex presidente del Instituto de Ingenieros de Minas del Per\u00fa.<\/p>\n\n\n\n<p>Moderar\u00e1 la jornada, Liliana Guzm\u00e1n, directora de comunicaciones corporativas U. Talca.<\/p>\n\n\n\n<figure class=\"wp-block-image size-large\"><img loading=\"lazy\" width=\"1024\" height=\"1024\" src=\"https:\/\/cieplan.org\/new\/wp-content\/uploads\/2020\/12\/Disen\u0303o-sin-ti\u0301tulo-2-1024x1024.jpg\" alt=\"\" class=\"wp-image-447\" srcset=\"https:\/\/cieplan.org\/new\/wp-content\/uploads\/2020\/12\/Disen\u0303o-sin-ti\u0301tulo-2-1024x1024.jpg 1024w, https:\/\/cieplan.org\/new\/wp-content\/uploads\/2020\/12\/Disen\u0303o-sin-ti\u0301tulo-2-300x300.jpg 300w, https:\/\/cieplan.org\/new\/wp-content\/uploads\/2020\/12\/Disen\u0303o-sin-ti\u0301tulo-2-150x150.jpg 150w, https:\/\/cieplan.org\/new\/wp-content\/uploads\/2020\/12\/Disen\u0303o-sin-ti\u0301tulo-2-768x768.jpg 768w, https:\/\/cieplan.org\/new\/wp-content\/uploads\/2020\/12\/Disen\u0303o-sin-ti\u0301tulo-2-696x696.jpg 696w, https:\/\/cieplan.org\/new\/wp-content\/uploads\/2020\/12\/Disen\u0303o-sin-ti\u0301tulo-2-1068x1068.jpg 1068w, https:\/\/cieplan.org\/new\/wp-content\/uploads\/2020\/12\/Disen\u0303o-sin-ti\u0301tulo-2.jpg 1080w\" sizes=\"(max-width: 1024px) 100vw, 1024px\" \/><\/figure>\n","protected":false},"excerpt":{"rendered":"<p>La Universidad de Talca, por medio de su Editorial y junto a la Corporaci\u00f3n de Estudios para Latinoam\u00e9rica, invitan a la comunidad al lanzamiento del libro re\u00fane diversos art\u00edculos e investigaciones sobre los diferentes desaf\u00edos que enfrentan la miner\u00eda en las potencias exportadoras m\u00e1s importantes de la regi\u00f3n: Chile y Per\u00fa. \u201cLa gran regi\u00f3n minera: [&hellip;]<\/p>\n","protected":false},"author":1,"featured_media":445,"comment_status":"closed","ping_status":"closed","sticky":false,"template":"","format":"standard","meta":{"tdm_status":"","tdm_grid_status":""},"categories":[36,34,33],"tags":[],"_links":{"self":[{"href":"https:\/\/cieplan.org\/new\/wp-json\/wp\/v2\/posts\/444"}],"collection":[{"href":"https:\/\/cieplan.org\/new\/wp-json\/wp\/v2\/posts"}],"about":[{"href":"https:\/\/cieplan.org\/new\/wp-json\/wp\/v2\/types\/post"}],"author":[{"embeddable":true,"href":"https:\/\/cieplan.org\/new\/wp-json\/wp\/v2\/users\/1"}],"replies":[{"embeddable":true,"href":"https:\/\/cieplan.org\/new\/wp-json\/wp\/v2\/comments?post=444"}],"version-history":[{"count":1,"href":"https:\/\/cieplan.org\/new\/wp-json\/wp\/v2\/posts\/444\/revisions"}],"predecessor-version":[{"id":448,"href":"https:\/\/cieplan.org\/new\/wp-json\/wp\/v2\/posts\/444\/revisions\/448"}],"wp:featuredmedia":[{"embeddable":true,"href":"https:\/\/cieplan.org\/new\/wp-json\/wp\/v2\/media\/445"}],"wp:attachment":[{"href":"https:\/\/cieplan.org\/new\/wp-json\/wp\/v2\/media?parent=444"}],"wp:term":[{"taxonomy":"category","embeddable":true,"href":"https:\/\/cieplan.org\/new\/wp-json\/wp\/v2\/categories?post=444"},{"taxonomy":"post_tag","embeddable":true,"href":"https:\/\/cieplan.org\/new\/wp-json\/wp\/v2\/tags?post=444"}],"curies":[{"name":"wp","href":"https:\/\/api.w.org\/{rel}","templated":true}]}}